{"id":9755,"date":"2022-04-28T06:58:05","date_gmt":"2022-04-28T13:58:05","guid":{"rendered":"https:\/\/intercer.net\/blogs\/poeziisieditoriale\/?p=9755"},"modified":"2022-04-28T06:58:05","modified_gmt":"2022-04-28T13:58:05","slug":"rezistati","status":"publish","type":"post","link":"https:\/\/intercer.net\/blogs\/poeziisieditoriale\/generale\/rezistati.html","title":{"rendered":"Rezista\u021bi!"},"content":{"rendered":"<p>C\u00e2nd furtuni de ur\u0103 \u0219i r\u0103zboi<br \/>\nvin deodat\u0103 \u0219i v\u0103 cople\u0219esc,<br \/>\nrezista\u021bi, c\u0103ci Domnul e cu voi,<br \/>\n\u00een dureri, iubire, mil\u0103 cresc!<\/p>\n<p>C\u00e2nd s-a\u0219tep\u021bi e pl\u00e2ns \u0219i zbucium greu,<br \/>\n\u00eentunericul e nep\u0103truns,<br \/>\nrezista\u021bi lega\u021bi de Dumnezeu,<br \/>\n\u00een cur\u00e2nd revine cum a spus!<\/p>\n<p>C\u00e2nd speran\u021bele se sting pe r\u00e2nd<br \/>\ndesp\u0103r\u021birile din jur v\u0103 dor,<br \/>\nrezista\u021bi, Isus din cer strig\u00e2nd<br \/>\nva chema la via\u021b\u0103-al S\u0103u popor!<\/p>\n<p>C\u00e2nd tradi\u021bii, supersti\u021bii vin,<br \/>\nv\u0103-nconjoar\u0103 \u00een v\u00e2rtejul lor,<br \/>\nrezista\u021bi, doar Unu-i Miel divin,<br \/>\nAdev\u0103r proclam\u0103 tuturor.<\/p>\n<p>C\u00e2nd nici lacrimi nu mai sunt de pl\u00e2ns,<br \/>\n\u0219i nici grai s\u0103 strige c\u0103tre Cer,<br \/>\nrezista\u021bi, Hristos v\u0103 \u021bine str\u00e2ns,<br \/>\nlibertate ve\u021bi avea \u00een El! Amin!<\/p>\n<p>      Floare de col\u021b<br \/>\n      Aviva Aurelia Evghenie<\/p>\n","protected":false},"excerpt":{"rendered":"<p>C\u00e2nd furtuni de ur\u0103 \u0219i r\u0103zboi vin deodat\u0103 \u0219i v\u0103 cople\u0219esc, rezista\u021bi, c\u0103ci Domnul e cu voi, \u00een dureri, iubire, mil\u0103 cresc! C\u00e2nd s-a\u0219tep\u021bi e pl\u00e2ns \u0219i zbucium greu, \u00eentunericul e nep\u0103truns, rezista\u021bi lega\u021bi de Dumnezeu, \u00een cur\u00e2nd revine cum a spus! C\u00e2nd speran\u021bele se sting pe r\u00e2nd desp\u0103r\u021birile din jur v\u0103 dor, rezista\u021bi, Isus [&hellip;]<\/p>\n","protected":false},"author":44,"featured_media":0,"comment_status":"open","ping_status":"closed","sticky":false,"template":"","format":"standard","meta":{"_monsterinsights_skip_tracking":false,"_monsterinsights_sitenote_active":false,"_monsterinsights_sitenote_note":"","_monsterinsights_sitenote_category":0,"footnotes":""},"categories":[134],"tags":[],"class_list":["post-9755","post","type-post","status-publish","format-standard","hentry","category-generale"],"_links":{"self":[{"href":"https:\/\/intercer.net\/blogs\/poeziisieditoriale\/wp-json\/wp\/v2\/posts\/9755","targetHints":{"allow":["GET"]}}],"collection":[{"href":"https:\/\/intercer.net\/blogs\/poeziisieditoriale\/wp-json\/wp\/v2\/posts"}],"about":[{"href":"https:\/\/intercer.net\/blogs\/poeziisieditoriale\/wp-json\/wp\/v2\/types\/post"}],"author":[{"embeddable":true,"href":"https:\/\/intercer.net\/blogs\/poeziisieditoriale\/wp-json\/wp\/v2\/users\/44"}],"replies":[{"embeddable":true,"href":"https:\/\/intercer.net\/blogs\/poeziisieditoriale\/wp-json\/wp\/v2\/comments?post=9755"}],"version-history":[{"count":1,"href":"https:\/\/intercer.net\/blogs\/poeziisieditoriale\/wp-json\/wp\/v2\/posts\/9755\/revisions"}],"predecessor-version":[{"id":9756,"href":"https:\/\/intercer.net\/blogs\/poeziisieditoriale\/wp-json\/wp\/v2\/posts\/9755\/revisions\/9756"}],"wp:attachment":[{"href":"https:\/\/intercer.net\/blogs\/poeziisieditoriale\/wp-json\/wp\/v2\/media?parent=9755"}],"wp:term":[{"taxonomy":"category","embeddable":true,"href":"https:\/\/intercer.net\/blogs\/poeziisieditoriale\/wp-json\/wp\/v2\/categories?post=9755"},{"taxonomy":"post_tag","embeddable":true,"href":"https:\/\/intercer.net\/blogs\/poeziisieditoriale\/wp-json\/wp\/v2\/tags?post=9755"}],"curies":[{"name":"wp","href":"https:\/\/api.w.org\/{rel}","templated":true}]}}