{"id":9785,"date":"2022-04-29T12:42:50","date_gmt":"2022-04-29T19:42:50","guid":{"rendered":"https:\/\/intercer.net\/blogs\/poeziisieditoriale\/?p=9785"},"modified":"2022-04-29T12:42:50","modified_gmt":"2022-04-29T19:42:50","slug":"iti-multumesc-18","status":"publish","type":"post","link":"https:\/\/intercer.net\/blogs\/poeziisieditoriale\/generale\/iti-multumesc-18.html","title":{"rendered":"\u00ce\u021bi mul\u021bumesc"},"content":{"rendered":"<p><a href=\"https:\/\/intercer.net\/blogs\/poeziisieditoriale\/files\/2022\/04\/1651261169433.jpg\"><img loading=\"lazy\" decoding=\"async\" class=\"alignnone size-medium wp-image-9786\" src=\"https:\/\/intercer.net\/blogs\/poeziisieditoriale\/files\/2022\/04\/1651261169433-200x300.jpg\" alt=\"\" width=\"200\" height=\"300\" srcset=\"https:\/\/intercer.net\/blogs\/poeziisieditoriale\/files\/2022\/04\/1651261169433-200x300.jpg 200w, https:\/\/intercer.net\/blogs\/poeziisieditoriale\/files\/2022\/04\/1651261169433-683x1024.jpg 683w, https:\/\/intercer.net\/blogs\/poeziisieditoriale\/files\/2022\/04\/1651261169433-768x1152.jpg 768w, https:\/\/intercer.net\/blogs\/poeziisieditoriale\/files\/2022\/04\/1651261169433-1024x1536.jpg 1024w, https:\/\/intercer.net\/blogs\/poeziisieditoriale\/files\/2022\/04\/1651261169433.jpg 1080w\" sizes=\"auto, (max-width: 200px) 100vw, 200px\" \/><\/a>\u00ce\u021aI MUL\u021aUMESC<br \/>\n\u00ce\u021bi mul\u021bumesc pentru toate binecuv\u00e2nt\u0103rile,<br \/>\n\u00ce\u021bi mul\u021bumesc c\u0103 nu m-ai pedepsit, ci m-ai iertat<br \/>\n\u0218i-n marea uit\u0103rii, pe veci, ai aruncat \u0219i ai \u00eengropat,<br \/>\nGre\u0219elile f\u0103cute \u0219i tot ce \u021aie \u021bi-a adus durere,<br \/>\nDurerea coroanei de spini ce eu \u021bi-am pus-o pe cap,<br \/>\nDurerea cu care te-am r\u0103stignit&#8230; dar m-ai iertat.<br \/>\nEmilia Dinescu<\/p>\n","protected":false},"excerpt":{"rendered":"<p>\u00ce\u021aI MUL\u021aUMESC \u00ce\u021bi mul\u021bumesc pentru toate binecuv\u00e2nt\u0103rile, \u00ce\u021bi mul\u021bumesc c\u0103 nu m-ai pedepsit, ci m-ai iertat \u0218i-n marea uit\u0103rii, pe veci, ai aruncat \u0219i ai \u00eengropat, Gre\u0219elile f\u0103cute \u0219i tot ce \u021aie \u021bi-a adus durere, Durerea coroanei de spini ce eu \u021bi-am pus-o pe cap, Durerea cu care te-am r\u0103stignit&#8230; dar m-ai iertat. Emilia Dinescu<\/p>\n","protected":false},"author":47,"featured_media":0,"comment_status":"open","ping_status":"closed","sticky":false,"template":"","format":"standard","meta":{"_monsterinsights_skip_tracking":false,"_monsterinsights_sitenote_active":false,"_monsterinsights_sitenote_note":"","_monsterinsights_sitenote_category":0,"footnotes":""},"categories":[134],"tags":[],"class_list":["post-9785","post","type-post","status-publish","format-standard","hentry","category-generale"],"_links":{"self":[{"href":"https:\/\/intercer.net\/blogs\/poeziisieditoriale\/wp-json\/wp\/v2\/posts\/9785","targetHints":{"allow":["GET"]}}],"collection":[{"href":"https:\/\/intercer.net\/blogs\/poeziisieditoriale\/wp-json\/wp\/v2\/posts"}],"about":[{"href":"https:\/\/intercer.net\/blogs\/poeziisieditoriale\/wp-json\/wp\/v2\/types\/post"}],"author":[{"embeddable":true,"href":"https:\/\/intercer.net\/blogs\/poeziisieditoriale\/wp-json\/wp\/v2\/users\/47"}],"replies":[{"embeddable":true,"href":"https:\/\/intercer.net\/blogs\/poeziisieditoriale\/wp-json\/wp\/v2\/comments?post=9785"}],"version-history":[{"count":1,"href":"https:\/\/intercer.net\/blogs\/poeziisieditoriale\/wp-json\/wp\/v2\/posts\/9785\/revisions"}],"predecessor-version":[{"id":9787,"href":"https:\/\/intercer.net\/blogs\/poeziisieditoriale\/wp-json\/wp\/v2\/posts\/9785\/revisions\/9787"}],"wp:attachment":[{"href":"https:\/\/intercer.net\/blogs\/poeziisieditoriale\/wp-json\/wp\/v2\/media?parent=9785"}],"wp:term":[{"taxonomy":"category","embeddable":true,"href":"https:\/\/intercer.net\/blogs\/poeziisieditoriale\/wp-json\/wp\/v2\/categories?post=9785"},{"taxonomy":"post_tag","embeddable":true,"href":"https:\/\/intercer.net\/blogs\/poeziisieditoriale\/wp-json\/wp\/v2\/tags?post=9785"}],"curies":[{"name":"wp","href":"https:\/\/api.w.org\/{rel}","templated":true}]}}