{"id":9808,"date":"2022-04-30T05:43:55","date_gmt":"2022-04-30T12:43:55","guid":{"rendered":"https:\/\/intercer.net\/blogs\/poeziisieditoriale\/?p=9808"},"modified":"2022-04-30T05:43:55","modified_gmt":"2022-04-30T12:43:55","slug":"cuvantul-si-faptele-2","status":"publish","type":"post","link":"https:\/\/intercer.net\/blogs\/poeziisieditoriale\/generale\/cuvantul-si-faptele-2.html","title":{"rendered":"Cuv\u00e2ntul \u0219i faptele"},"content":{"rendered":"<p><a href=\"https:\/\/intercer.net\/blogs\/poeziisieditoriale\/files\/2022\/04\/1651322529927.jpg\"><img loading=\"lazy\" decoding=\"async\" class=\"alignnone size-medium wp-image-9809\" src=\"https:\/\/intercer.net\/blogs\/poeziisieditoriale\/files\/2022\/04\/1651322529927-200x300.jpg\" alt=\"\" width=\"200\" height=\"300\" srcset=\"https:\/\/intercer.net\/blogs\/poeziisieditoriale\/files\/2022\/04\/1651322529927-200x300.jpg 200w, https:\/\/intercer.net\/blogs\/poeziisieditoriale\/files\/2022\/04\/1651322529927-683x1024.jpg 683w, https:\/\/intercer.net\/blogs\/poeziisieditoriale\/files\/2022\/04\/1651322529927-768x1152.jpg 768w, https:\/\/intercer.net\/blogs\/poeziisieditoriale\/files\/2022\/04\/1651322529927-1024x1536.jpg 1024w, https:\/\/intercer.net\/blogs\/poeziisieditoriale\/files\/2022\/04\/1651322529927.jpg 1080w\" sizes=\"auto, (max-width: 200px) 100vw, 200px\" \/><\/a>CUV\u00c2NTUL \u0218I FAPTELE<br \/>\nAm citit Cuv\u00e2ntul T\u0103u<br \/>\n\u0218i \u0219tiu tot adev\u0103rul,<br \/>\nDar eu fac numai ce e r\u0103u<br \/>\n\u0218i azi dau cu piciorul<br \/>\nLa tot ce mi-ai f\u0103g\u0103duit<br \/>\n\u0218i la tot ce e scris,<br \/>\nC\u0103ci \u00eenc\u0103 o dat\u0103 am gre\u0219it,<br \/>\nGre\u0219eala nu e vis.<br \/>\nPrin tot ce fac, eu stau departe<br \/>\n\u0218i un zid, eu construiesc,<br \/>\nUn zid ce \u0219tiu c\u0103 m\u0103 desparte<br \/>\nDe ce-i dumnezeiesc.<br \/>\nEmilia Dinescu<\/p>\n","protected":false},"excerpt":{"rendered":"<p>CUV\u00c2NTUL \u0218I FAPTELE Am citit Cuv\u00e2ntul T\u0103u \u0218i \u0219tiu tot adev\u0103rul, Dar eu fac numai ce e r\u0103u \u0218i azi dau cu piciorul La tot ce mi-ai f\u0103g\u0103duit \u0218i la tot ce e scris, C\u0103ci \u00eenc\u0103 o dat\u0103 am gre\u0219it, Gre\u0219eala nu e vis. Prin tot ce fac, eu stau departe \u0218i un zid, eu [&hellip;]<\/p>\n","protected":false},"author":47,"featured_media":0,"comment_status":"open","ping_status":"closed","sticky":false,"template":"","format":"standard","meta":{"_monsterinsights_skip_tracking":false,"_monsterinsights_sitenote_active":false,"_monsterinsights_sitenote_note":"","_monsterinsights_sitenote_category":0,"footnotes":""},"categories":[134],"tags":[],"class_list":["post-9808","post","type-post","status-publish","format-standard","hentry","category-generale"],"_links":{"self":[{"href":"https:\/\/intercer.net\/blogs\/poeziisieditoriale\/wp-json\/wp\/v2\/posts\/9808","targetHints":{"allow":["GET"]}}],"collection":[{"href":"https:\/\/intercer.net\/blogs\/poeziisieditoriale\/wp-json\/wp\/v2\/posts"}],"about":[{"href":"https:\/\/intercer.net\/blogs\/poeziisieditoriale\/wp-json\/wp\/v2\/types\/post"}],"author":[{"embeddable":true,"href":"https:\/\/intercer.net\/blogs\/poeziisieditoriale\/wp-json\/wp\/v2\/users\/47"}],"replies":[{"embeddable":true,"href":"https:\/\/intercer.net\/blogs\/poeziisieditoriale\/wp-json\/wp\/v2\/comments?post=9808"}],"version-history":[{"count":1,"href":"https:\/\/intercer.net\/blogs\/poeziisieditoriale\/wp-json\/wp\/v2\/posts\/9808\/revisions"}],"predecessor-version":[{"id":9810,"href":"https:\/\/intercer.net\/blogs\/poeziisieditoriale\/wp-json\/wp\/v2\/posts\/9808\/revisions\/9810"}],"wp:attachment":[{"href":"https:\/\/intercer.net\/blogs\/poeziisieditoriale\/wp-json\/wp\/v2\/media?parent=9808"}],"wp:term":[{"taxonomy":"category","embeddable":true,"href":"https:\/\/intercer.net\/blogs\/poeziisieditoriale\/wp-json\/wp\/v2\/categories?post=9808"},{"taxonomy":"post_tag","embeddable":true,"href":"https:\/\/intercer.net\/blogs\/poeziisieditoriale\/wp-json\/wp\/v2\/tags?post=9808"}],"curies":[{"name":"wp","href":"https:\/\/api.w.org\/{rel}","templated":true}]}}