{"id":9823,"date":"2022-04-30T06:24:43","date_gmt":"2022-04-30T13:24:43","guid":{"rendered":"https:\/\/intercer.net\/blogs\/poeziisieditoriale\/?p=9823"},"modified":"2022-04-30T06:24:43","modified_gmt":"2022-04-30T13:24:43","slug":"un-vas-de-lut-3","status":"publish","type":"post","link":"https:\/\/intercer.net\/blogs\/poeziisieditoriale\/generale\/un-vas-de-lut-3.html","title":{"rendered":"Un vas de lut"},"content":{"rendered":"<p><a href=\"https:\/\/intercer.net\/blogs\/poeziisieditoriale\/files\/2022\/04\/1651324996677.jpg\"><img loading=\"lazy\" decoding=\"async\" class=\"alignnone size-medium wp-image-9824\" src=\"https:\/\/intercer.net\/blogs\/poeziisieditoriale\/files\/2022\/04\/1651324996677-200x300.jpg\" alt=\"\" width=\"200\" height=\"300\" srcset=\"https:\/\/intercer.net\/blogs\/poeziisieditoriale\/files\/2022\/04\/1651324996677-200x300.jpg 200w, https:\/\/intercer.net\/blogs\/poeziisieditoriale\/files\/2022\/04\/1651324996677-683x1024.jpg 683w, https:\/\/intercer.net\/blogs\/poeziisieditoriale\/files\/2022\/04\/1651324996677-768x1152.jpg 768w, https:\/\/intercer.net\/blogs\/poeziisieditoriale\/files\/2022\/04\/1651324996677-1024x1536.jpg 1024w, https:\/\/intercer.net\/blogs\/poeziisieditoriale\/files\/2022\/04\/1651324996677.jpg 1080w\" sizes=\"auto, (max-width: 200px) 100vw, 200px\" \/><\/a>UN VAS DE LUT<br \/>\nTu e\u0219ti Olarul, eu vasul de lut,<br \/>\nA\u0219 vrea s\u0103 m\u0103 las prelucrat \u0219i s\u0103 ascult,<br \/>\nF\u0103-m\u0103 un vas de pre\u021b, nu m\u0103 l\u0103sa,<br \/>\nDoar modeleaz\u0103-m\u0103 pe roata Ta<br \/>\n\u0218i arde-m\u0103 \u00eentr-un cuptor \u00eencins,<br \/>\nCe special doar pentru mine l-ai aprins,<br \/>\nAjut\u0103-m\u0103 s\u0103 m\u0103 las modelat<br \/>\nChiar de m\u0103 doare, p\u00e2n&#8217; la finisat,<br \/>\nS\u0103 nu m\u0103 vait \u0219i s\u0103 nu c\u00e2rtesc,<br \/>\nCuptoru-n cale c\u00e2nd \u00eel \u00eent\u00e2lnesc,<br \/>\nS\u0103 fiu un vas de lut&#8230; \u0219i alte vase,<br \/>\nS\u0103 fim doar \u00een cuptorul poc\u0103in\u021bei arse.<br \/>\nEmilia Dinescu<\/p>\n","protected":false},"excerpt":{"rendered":"<p>UN VAS DE LUT Tu e\u0219ti Olarul, eu vasul de lut, A\u0219 vrea s\u0103 m\u0103 las prelucrat \u0219i s\u0103 ascult, F\u0103-m\u0103 un vas de pre\u021b, nu m\u0103 l\u0103sa, Doar modeleaz\u0103-m\u0103 pe roata Ta \u0218i arde-m\u0103 \u00eentr-un cuptor \u00eencins, Ce special doar pentru mine l-ai aprins, Ajut\u0103-m\u0103 s\u0103 m\u0103 las modelat Chiar de m\u0103 doare, p\u00e2n&#8217; [&hellip;]<\/p>\n","protected":false},"author":47,"featured_media":0,"comment_status":"open","ping_status":"closed","sticky":false,"template":"","format":"standard","meta":{"_monsterinsights_skip_tracking":false,"_monsterinsights_sitenote_active":false,"_monsterinsights_sitenote_note":"","_monsterinsights_sitenote_category":0,"footnotes":""},"categories":[134],"tags":[],"class_list":["post-9823","post","type-post","status-publish","format-standard","hentry","category-generale"],"_links":{"self":[{"href":"https:\/\/intercer.net\/blogs\/poeziisieditoriale\/wp-json\/wp\/v2\/posts\/9823","targetHints":{"allow":["GET"]}}],"collection":[{"href":"https:\/\/intercer.net\/blogs\/poeziisieditoriale\/wp-json\/wp\/v2\/posts"}],"about":[{"href":"https:\/\/intercer.net\/blogs\/poeziisieditoriale\/wp-json\/wp\/v2\/types\/post"}],"author":[{"embeddable":true,"href":"https:\/\/intercer.net\/blogs\/poeziisieditoriale\/wp-json\/wp\/v2\/users\/47"}],"replies":[{"embeddable":true,"href":"https:\/\/intercer.net\/blogs\/poeziisieditoriale\/wp-json\/wp\/v2\/comments?post=9823"}],"version-history":[{"count":1,"href":"https:\/\/intercer.net\/blogs\/poeziisieditoriale\/wp-json\/wp\/v2\/posts\/9823\/revisions"}],"predecessor-version":[{"id":9825,"href":"https:\/\/intercer.net\/blogs\/poeziisieditoriale\/wp-json\/wp\/v2\/posts\/9823\/revisions\/9825"}],"wp:attachment":[{"href":"https:\/\/intercer.net\/blogs\/poeziisieditoriale\/wp-json\/wp\/v2\/media?parent=9823"}],"wp:term":[{"taxonomy":"category","embeddable":true,"href":"https:\/\/intercer.net\/blogs\/poeziisieditoriale\/wp-json\/wp\/v2\/categories?post=9823"},{"taxonomy":"post_tag","embeddable":true,"href":"https:\/\/intercer.net\/blogs\/poeziisieditoriale\/wp-json\/wp\/v2\/tags?post=9823"}],"curies":[{"name":"wp","href":"https:\/\/api.w.org\/{rel}","templated":true}]}}