{"id":9844,"date":"2022-04-30T07:23:05","date_gmt":"2022-04-30T14:23:05","guid":{"rendered":"https:\/\/intercer.net\/blogs\/poeziisieditoriale\/?p=9844"},"modified":"2022-04-30T07:23:05","modified_gmt":"2022-04-30T14:23:05","slug":"sunt-vinovata-3","status":"publish","type":"post","link":"https:\/\/intercer.net\/blogs\/poeziisieditoriale\/generale\/sunt-vinovata-3.html","title":{"rendered":"Sunt vinovat\u0103"},"content":{"rendered":"<p><a href=\"https:\/\/intercer.net\/blogs\/poeziisieditoriale\/files\/2022\/04\/1651328489147.jpg\"><img loading=\"lazy\" decoding=\"async\" class=\"alignnone size-medium wp-image-9845\" src=\"https:\/\/intercer.net\/blogs\/poeziisieditoriale\/files\/2022\/04\/1651328489147-200x300.jpg\" alt=\"\" width=\"200\" height=\"300\" srcset=\"https:\/\/intercer.net\/blogs\/poeziisieditoriale\/files\/2022\/04\/1651328489147-200x300.jpg 200w, https:\/\/intercer.net\/blogs\/poeziisieditoriale\/files\/2022\/04\/1651328489147-683x1024.jpg 683w, https:\/\/intercer.net\/blogs\/poeziisieditoriale\/files\/2022\/04\/1651328489147-768x1152.jpg 768w, https:\/\/intercer.net\/blogs\/poeziisieditoriale\/files\/2022\/04\/1651328489147-1024x1536.jpg 1024w, https:\/\/intercer.net\/blogs\/poeziisieditoriale\/files\/2022\/04\/1651328489147.jpg 1080w\" sizes=\"auto, (max-width: 200px) 100vw, 200px\" \/><\/a>SUNT VINOVAT\u0102<br \/>\nDac\u0103 a\u0219 aduna lacrimile pe care le-am v\u0103rsat,<br \/>\nS-ar str\u00e2nge un lac mare c\u0103ci multe am adunat,<br \/>\nDar eu sunt vinovat\u0103 c\u0103ci eu mi-am creat<br \/>\nCu tot ce am gre\u0219it \u0219i cu al meu p\u0103cat,<br \/>\nAceste suferin\u021be \u0219i tot ce am \u00eendurat,<br \/>\nDoar eu sunt vinovat\u0103 \u0219i am mare p\u0103cat,<br \/>\nC\u0103ci am gre\u0219it adesea \u0219i mult te-am sup\u0103rat.<br \/>\nEmilia Dinescu<\/p>\n","protected":false},"excerpt":{"rendered":"<p>SUNT VINOVAT\u0102 Dac\u0103 a\u0219 aduna lacrimile pe care le-am v\u0103rsat, S-ar str\u00e2nge un lac mare c\u0103ci multe am adunat, Dar eu sunt vinovat\u0103 c\u0103ci eu mi-am creat Cu tot ce am gre\u0219it \u0219i cu al meu p\u0103cat, Aceste suferin\u021be \u0219i tot ce am \u00eendurat, Doar eu sunt vinovat\u0103 \u0219i am mare p\u0103cat, C\u0103ci am gre\u0219it [&hellip;]<\/p>\n","protected":false},"author":47,"featured_media":0,"comment_status":"open","ping_status":"closed","sticky":false,"template":"","format":"standard","meta":{"_monsterinsights_skip_tracking":false,"_monsterinsights_sitenote_active":false,"_monsterinsights_sitenote_note":"","_monsterinsights_sitenote_category":0,"footnotes":""},"categories":[134],"tags":[],"class_list":["post-9844","post","type-post","status-publish","format-standard","hentry","category-generale"],"_links":{"self":[{"href":"https:\/\/intercer.net\/blogs\/poeziisieditoriale\/wp-json\/wp\/v2\/posts\/9844","targetHints":{"allow":["GET"]}}],"collection":[{"href":"https:\/\/intercer.net\/blogs\/poeziisieditoriale\/wp-json\/wp\/v2\/posts"}],"about":[{"href":"https:\/\/intercer.net\/blogs\/poeziisieditoriale\/wp-json\/wp\/v2\/types\/post"}],"author":[{"embeddable":true,"href":"https:\/\/intercer.net\/blogs\/poeziisieditoriale\/wp-json\/wp\/v2\/users\/47"}],"replies":[{"embeddable":true,"href":"https:\/\/intercer.net\/blogs\/poeziisieditoriale\/wp-json\/wp\/v2\/comments?post=9844"}],"version-history":[{"count":1,"href":"https:\/\/intercer.net\/blogs\/poeziisieditoriale\/wp-json\/wp\/v2\/posts\/9844\/revisions"}],"predecessor-version":[{"id":9846,"href":"https:\/\/intercer.net\/blogs\/poeziisieditoriale\/wp-json\/wp\/v2\/posts\/9844\/revisions\/9846"}],"wp:attachment":[{"href":"https:\/\/intercer.net\/blogs\/poeziisieditoriale\/wp-json\/wp\/v2\/media?parent=9844"}],"wp:term":[{"taxonomy":"category","embeddable":true,"href":"https:\/\/intercer.net\/blogs\/poeziisieditoriale\/wp-json\/wp\/v2\/categories?post=9844"},{"taxonomy":"post_tag","embeddable":true,"href":"https:\/\/intercer.net\/blogs\/poeziisieditoriale\/wp-json\/wp\/v2\/tags?post=9844"}],"curies":[{"name":"wp","href":"https:\/\/api.w.org\/{rel}","templated":true}]}}