{"id":9859,"date":"2022-04-30T21:25:54","date_gmt":"2022-05-01T04:25:54","guid":{"rendered":"https:\/\/intercer.net\/blogs\/poeziisieditoriale\/?p=9859"},"modified":"2022-04-30T21:25:54","modified_gmt":"2022-05-01T04:25:54","slug":"vreau-sa-povestesc-2","status":"publish","type":"post","link":"https:\/\/intercer.net\/blogs\/poeziisieditoriale\/generale\/vreau-sa-povestesc-2.html","title":{"rendered":"Vreau s\u0103 povestesc"},"content":{"rendered":"<p><a href=\"https:\/\/intercer.net\/blogs\/poeziisieditoriale\/files\/2022\/04\/1651378901122.jpg\"><img loading=\"lazy\" decoding=\"async\" class=\"alignnone size-medium wp-image-9860\" src=\"https:\/\/intercer.net\/blogs\/poeziisieditoriale\/files\/2022\/04\/1651378901122-200x300.jpg\" alt=\"\" width=\"200\" height=\"300\" srcset=\"https:\/\/intercer.net\/blogs\/poeziisieditoriale\/files\/2022\/04\/1651378901122-200x300.jpg 200w, https:\/\/intercer.net\/blogs\/poeziisieditoriale\/files\/2022\/04\/1651378901122-683x1024.jpg 683w, https:\/\/intercer.net\/blogs\/poeziisieditoriale\/files\/2022\/04\/1651378901122-768x1152.jpg 768w, https:\/\/intercer.net\/blogs\/poeziisieditoriale\/files\/2022\/04\/1651378901122-1024x1536.jpg 1024w, https:\/\/intercer.net\/blogs\/poeziisieditoriale\/files\/2022\/04\/1651378901122.jpg 1080w\" sizes=\"auto, (max-width: 200px) 100vw, 200px\" \/><\/a>VREAU S\u0102 POVESTESC<br \/>\n\u00ce\u021bi mul\u021bumesc c\u0103 sunt<br \/>\nC\u0103l\u0103tor pe p\u0103m\u00e2nt,<br \/>\nDar vreau s\u0103 c\u0103l\u0103toresc<br \/>\n\u0218i \u021belu-mi s\u0103 \u00eemplinesc,<br \/>\nS\u0103 spun tuturor<br \/>\nDe al meu Salvator<br \/>\nCare s-a jertfit,<br \/>\nPe cruce a murit<br \/>\nCa eu s\u0103 tr\u0103iesc<br \/>\n\u0218i s\u0103 povestesc,<br \/>\nS\u0103 spun c\u0103 a \u00eenviat<br \/>\n\u0218i apoi s-a \u00een\u0103l\u021bat,<br \/>\nCur\u00e2nd va veni<br \/>\nAceasta s-o \u0219tii,<br \/>\nC\u0103ci El ne-a promis<br \/>\n\u0218i a\u0219a este scris.<br \/>\nEmilia Dinescu<\/p>\n","protected":false},"excerpt":{"rendered":"<p>VREAU S\u0102 POVESTESC \u00ce\u021bi mul\u021bumesc c\u0103 sunt C\u0103l\u0103tor pe p\u0103m\u00e2nt, Dar vreau s\u0103 c\u0103l\u0103toresc \u0218i \u021belu-mi s\u0103 \u00eemplinesc, S\u0103 spun tuturor De al meu Salvator Care s-a jertfit, Pe cruce a murit Ca eu s\u0103 tr\u0103iesc \u0218i s\u0103 povestesc, S\u0103 spun c\u0103 a \u00eenviat \u0218i apoi s-a \u00een\u0103l\u021bat, Cur\u00e2nd va veni Aceasta s-o \u0219tii, C\u0103ci [&hellip;]<\/p>\n","protected":false},"author":47,"featured_media":0,"comment_status":"open","ping_status":"closed","sticky":false,"template":"","format":"standard","meta":{"_monsterinsights_skip_tracking":false,"_monsterinsights_sitenote_active":false,"_monsterinsights_sitenote_note":"","_monsterinsights_sitenote_category":0,"footnotes":""},"categories":[134],"tags":[],"class_list":["post-9859","post","type-post","status-publish","format-standard","hentry","category-generale"],"_links":{"self":[{"href":"https:\/\/intercer.net\/blogs\/poeziisieditoriale\/wp-json\/wp\/v2\/posts\/9859","targetHints":{"allow":["GET"]}}],"collection":[{"href":"https:\/\/intercer.net\/blogs\/poeziisieditoriale\/wp-json\/wp\/v2\/posts"}],"about":[{"href":"https:\/\/intercer.net\/blogs\/poeziisieditoriale\/wp-json\/wp\/v2\/types\/post"}],"author":[{"embeddable":true,"href":"https:\/\/intercer.net\/blogs\/poeziisieditoriale\/wp-json\/wp\/v2\/users\/47"}],"replies":[{"embeddable":true,"href":"https:\/\/intercer.net\/blogs\/poeziisieditoriale\/wp-json\/wp\/v2\/comments?post=9859"}],"version-history":[{"count":1,"href":"https:\/\/intercer.net\/blogs\/poeziisieditoriale\/wp-json\/wp\/v2\/posts\/9859\/revisions"}],"predecessor-version":[{"id":9861,"href":"https:\/\/intercer.net\/blogs\/poeziisieditoriale\/wp-json\/wp\/v2\/posts\/9859\/revisions\/9861"}],"wp:attachment":[{"href":"https:\/\/intercer.net\/blogs\/poeziisieditoriale\/wp-json\/wp\/v2\/media?parent=9859"}],"wp:term":[{"taxonomy":"category","embeddable":true,"href":"https:\/\/intercer.net\/blogs\/poeziisieditoriale\/wp-json\/wp\/v2\/categories?post=9859"},{"taxonomy":"post_tag","embeddable":true,"href":"https:\/\/intercer.net\/blogs\/poeziisieditoriale\/wp-json\/wp\/v2\/tags?post=9859"}],"curies":[{"name":"wp","href":"https:\/\/api.w.org\/{rel}","templated":true}]}}