{"id":9927,"date":"2022-05-10T07:03:06","date_gmt":"2022-05-10T14:03:06","guid":{"rendered":"https:\/\/intercer.net\/blogs\/poeziisieditoriale\/?p=9927"},"modified":"2022-05-10T07:03:06","modified_gmt":"2022-05-10T14:03:06","slug":"ruga-33","status":"publish","type":"post","link":"https:\/\/intercer.net\/blogs\/poeziisieditoriale\/generale\/ruga-33.html","title":{"rendered":"Rug\u0103"},"content":{"rendered":"<p>Laud\u0103 \u021ai-aduc, m\u0103rire,<br \/>\n\u021aie, Doamne minunat,<br \/>\n\u0218i m\u0103 plec plin de iubire,<br \/>\n\u00cemp\u0103ratul meu Prea\u00eenalt.<\/p>\n<p>Tot ce e\u0219ti \u0219i-a Ta sfin\u021benie<br \/>\nazi privesc \u00een umilin\u021b\u0103,<br \/>\nF\u0103-mi \u00een suflet cur\u0103\u021benie<br \/>\n\u0219i-\u021ai aduc recuno\u0219tin\u021b\u0103.<\/p>\n<p>D\u0103-mi credin\u021ba Ta, Isuse,<br \/>\n\u0219i puterea rug\u0103ciunii,<br \/>\nF\u0103-m\u0103 s\u0103-n\u021beleg Cuv\u00e2ntul<br \/>\n\u0219i s\u0103 am darul misiunii.<\/p>\n<p>Cer r\u0103bdare \u00eendelung\u0103,<br \/>\nbl\u00e2nde\u021be \u0219i bun\u0103tate,<br \/>\nDarul meu cu drag s-ajung\u0103<br \/>\nla cei din str\u0103in\u0103tate.<\/p>\n<p>Tu m-ai ridicat pe cale,<br \/>\nscump Prieten, m-ai salvat,<br \/>\nVreau \u0219i-n ceruri osanale<br \/>\ns\u0103-\u021ai \u00eenal\u021b ne\u00eencetat. Amin!<\/p>\n<p>       Floare de col\u021b<br \/>\n       Aviva Aurelia Evghenie<\/p>\n","protected":false},"excerpt":{"rendered":"<p>Laud\u0103 \u021ai-aduc, m\u0103rire, \u021aie, Doamne minunat, \u0218i m\u0103 plec plin de iubire, \u00cemp\u0103ratul meu Prea\u00eenalt. Tot ce e\u0219ti \u0219i-a Ta sfin\u021benie azi privesc \u00een umilin\u021b\u0103, F\u0103-mi \u00een suflet cur\u0103\u021benie \u0219i-\u021ai aduc recuno\u0219tin\u021b\u0103. D\u0103-mi credin\u021ba Ta, Isuse, \u0219i puterea rug\u0103ciunii, F\u0103-m\u0103 s\u0103-n\u021beleg Cuv\u00e2ntul \u0219i s\u0103 am darul misiunii. Cer r\u0103bdare \u00eendelung\u0103, bl\u00e2nde\u021be \u0219i bun\u0103tate, Darul meu [&hellip;]<\/p>\n","protected":false},"author":44,"featured_media":0,"comment_status":"open","ping_status":"closed","sticky":false,"template":"","format":"standard","meta":{"_monsterinsights_skip_tracking":false,"_monsterinsights_sitenote_active":false,"_monsterinsights_sitenote_note":"","_monsterinsights_sitenote_category":0,"footnotes":""},"categories":[134],"tags":[],"class_list":["post-9927","post","type-post","status-publish","format-standard","hentry","category-generale"],"_links":{"self":[{"href":"https:\/\/intercer.net\/blogs\/poeziisieditoriale\/wp-json\/wp\/v2\/posts\/9927","targetHints":{"allow":["GET"]}}],"collection":[{"href":"https:\/\/intercer.net\/blogs\/poeziisieditoriale\/wp-json\/wp\/v2\/posts"}],"about":[{"href":"https:\/\/intercer.net\/blogs\/poeziisieditoriale\/wp-json\/wp\/v2\/types\/post"}],"author":[{"embeddable":true,"href":"https:\/\/intercer.net\/blogs\/poeziisieditoriale\/wp-json\/wp\/v2\/users\/44"}],"replies":[{"embeddable":true,"href":"https:\/\/intercer.net\/blogs\/poeziisieditoriale\/wp-json\/wp\/v2\/comments?post=9927"}],"version-history":[{"count":1,"href":"https:\/\/intercer.net\/blogs\/poeziisieditoriale\/wp-json\/wp\/v2\/posts\/9927\/revisions"}],"predecessor-version":[{"id":9928,"href":"https:\/\/intercer.net\/blogs\/poeziisieditoriale\/wp-json\/wp\/v2\/posts\/9927\/revisions\/9928"}],"wp:attachment":[{"href":"https:\/\/intercer.net\/blogs\/poeziisieditoriale\/wp-json\/wp\/v2\/media?parent=9927"}],"wp:term":[{"taxonomy":"category","embeddable":true,"href":"https:\/\/intercer.net\/blogs\/poeziisieditoriale\/wp-json\/wp\/v2\/categories?post=9927"},{"taxonomy":"post_tag","embeddable":true,"href":"https:\/\/intercer.net\/blogs\/poeziisieditoriale\/wp-json\/wp\/v2\/tags?post=9927"}],"curies":[{"name":"wp","href":"https:\/\/api.w.org\/{rel}","templated":true}]}}